{"id":848,"date":"2017-11-06T16:59:07","date_gmt":"2017-11-06T15:59:07","guid":{"rendered":"http:\/\/schmittmann-kolleg.de\/wordpress\/?p=848"},"modified":"2019-01-27T14:06:04","modified_gmt":"2019-01-27T13:06:04","slug":"wir-wissen-was-wir-letzten-sommer-getan-haben","status":"publish","type":"post","link":"https:\/\/schmittmann-kolleg.de\/wordpress\/2017\/11\/06\/wir-wissen-was-wir-letzten-sommer-getan-haben\/","title":{"rendered":"Wir wissen, was wir letzten Sommer getan haben!"},"content":{"rendered":"<p>Jetzt wo man den Eintritt der k\u00e4lteren Tage und den Abschied des Sommers nicht l\u00e4nger leugnen kann, ist es an der Zeit, den turbulenten Schmittie-Sommer revuepassieren zu lassen.<\/p>\n<p><strong>Schmittie Goes Politik<\/strong><\/p>\n<p><img loading=\"lazy\" decoding=\"async\" class=\"size-medium wp-image-852 alignleft\" src=\"https:\/\/schmittmann-kolleg.de\/wordpress\/wp-content\/uploads\/2017\/11\/DSC_0278-300x200.jpg\" alt=\"DSC_0278\" width=\"300\" height=\"200\" srcset=\"https:\/\/schmittmann-kolleg.de\/wordpress\/wp-content\/uploads\/2017\/11\/DSC_0278-300x200.jpg 300w, https:\/\/schmittmann-kolleg.de\/wordpress\/wp-content\/uploads\/2017\/11\/DSC_0278-768x512.jpg 768w, https:\/\/schmittmann-kolleg.de\/wordpress\/wp-content\/uploads\/2017\/11\/DSC_0278-1030x687.jpg 1030w, https:\/\/schmittmann-kolleg.de\/wordpress\/wp-content\/uploads\/2017\/11\/DSC_0278-1500x1000.jpg 1500w, https:\/\/schmittmann-kolleg.de\/wordpress\/wp-content\/uploads\/2017\/11\/DSC_0278-705x470.jpg 705w, https:\/\/schmittmann-kolleg.de\/wordpress\/wp-content\/uploads\/2017\/11\/DSC_0278-450x300.jpg 450w\" sizes=\"auto, (max-width: 300px) 100vw, 300px\" \/>Los ging es mit unserer Politikveranstaltung. Durch die Eigeninitiative von ein paar Bewohner*innen entstand eine professionelle Diskussion mit Infoscreen, charismatischen Moderatorinnen und einem debattierfreudigen Publikum. Im Mittelpunkt standen Fragen wie:<\/p>\n<p>Gef\u00e4hrdet die Energiewende Arbeitspl\u00e4tze? Sind Waffenexporte in die T\u00fcrkei vertretbar? Wie l\u00e4sst sich soziale Gerechtigkeit erreichen? Hierzu standen bei \u201ePolitik goes Schmittie\u201c Bundestagskandidat*innen der SPD, CDU, Gr\u00fcnen und Linken Rede und Antwort.\u00a0<img loading=\"lazy\" decoding=\"async\" class=\"size-medium wp-image-850 alignright\" src=\"https:\/\/schmittmann-kolleg.de\/wordpress\/wp-content\/uploads\/2017\/11\/DSC_0255-300x200.jpg\" alt=\"DSC_0255\" width=\"300\" height=\"200\" srcset=\"https:\/\/schmittmann-kolleg.de\/wordpress\/wp-content\/uploads\/2017\/11\/DSC_0255-300x200.jpg 300w, https:\/\/schmittmann-kolleg.de\/wordpress\/wp-content\/uploads\/2017\/11\/DSC_0255-768x512.jpg 768w, https:\/\/schmittmann-kolleg.de\/wordpress\/wp-content\/uploads\/2017\/11\/DSC_0255-1030x687.jpg 1030w, https:\/\/schmittmann-kolleg.de\/wordpress\/wp-content\/uploads\/2017\/11\/DSC_0255-1500x1000.jpg 1500w, https:\/\/schmittmann-kolleg.de\/wordpress\/wp-content\/uploads\/2017\/11\/DSC_0255-705x470.jpg 705w, https:\/\/schmittmann-kolleg.de\/wordpress\/wp-content\/uploads\/2017\/11\/DSC_0255-450x300.jpg 450w\" sizes=\"auto, (max-width: 300px) 100vw, 300px\" \/><\/p>\n<p>Auch wenn das Wahlergebnis der Bundestagswahlen nicht ganz so ausgefallen ist wie bei uns im Hause (die Gr\u00fcnen haben das Rennen gemacht), war die Veranstaltung eine besondere Gelegenheit um<\/p>\n<p>ungew\u00f6hnlich nahen Kontakt zu Politiker*innen zu bekommen und auch das Anliegen j\u00fcngerer B\u00fcrger*innen in den Vordergrund zu r\u00fccken und sie auf <img loading=\"lazy\" decoding=\"async\" class=\"size-medium wp-image-851 alignleft\" src=\"https:\/\/schmittmann-kolleg.de\/wordpress\/wp-content\/uploads\/2017\/11\/DSC_0263-300x200.jpg\" alt=\"DSC_0263\" width=\"300\" height=\"200\" srcset=\"https:\/\/schmittmann-kolleg.de\/wordpress\/wp-content\/uploads\/2017\/11\/DSC_0263-300x200.jpg 300w, https:\/\/schmittmann-kolleg.de\/wordpress\/wp-content\/uploads\/2017\/11\/DSC_0263-768x512.jpg 768w, https:\/\/schmittmann-kolleg.de\/wordpress\/wp-content\/uploads\/2017\/11\/DSC_0263-1030x687.jpg 1030w, https:\/\/schmittmann-kolleg.de\/wordpress\/wp-content\/uploads\/2017\/11\/DSC_0263-1500x1000.jpg 1500w, https:\/\/schmittmann-kolleg.de\/wordpress\/wp-content\/uploads\/2017\/11\/DSC_0263-705x470.jpg 705w, https:\/\/schmittmann-kolleg.de\/wordpress\/wp-content\/uploads\/2017\/11\/DSC_0263-450x300.jpg 450w\" sizes=\"auto, (max-width: 300px) 100vw, 300px\" \/>diese Weise vielleicht sogar den Politiker*innen pr\u00e4senter zu machen.<\/p>\n<p>&nbsp;<\/p>\n<p>&nbsp;<\/p>\n<p>&nbsp;<\/p>\n<p>&nbsp;<\/p>\n<p><strong>Wohnzimmerkonzert<\/strong><\/p>\n<p style=\"text-align: left;\">Ende September fand endlich mal wieder ein Wohnzimmerkonzert bei uns statt! <img loading=\"lazy\" decoding=\"async\" class=\"size-medium wp-image-855 alignright\" src=\"https:\/\/schmittmann-kolleg.de\/wordpress\/wp-content\/uploads\/2017\/11\/IMG_3307-300x200.jpeg\" alt=\"IMG_3307\" width=\"300\" height=\"200\" srcset=\"https:\/\/schmittmann-kolleg.de\/wordpress\/wp-content\/uploads\/2017\/11\/IMG_3307-300x200.jpeg 300w, https:\/\/schmittmann-kolleg.de\/wordpress\/wp-content\/uploads\/2017\/11\/IMG_3307.jpeg 320w\" sizes=\"auto, (max-width: 300px) 100vw, 300px\" \/>Den Anfang<\/p>\n<p>des Abends machte die S\u00e4ngerin \u201eIjeja\u201c, die mit ihrem ruhigen, romantischen Sound eine<\/p>\n<p>Mischung aus Soul, Folk und Pop pr\u00e4sentierte. Die emotionalen und klaren Melodien<\/p>\n<p>begeisterten das Publikum und sorgten f\u00fcr gute Stimmung. Auch Lutz, der Ijeja am Klavier<\/p>\n<p>begleitete, lieferte eine gute Performance ab. Nach einer kurzen Umbaupause kam die Band<\/p>\n<p><img loading=\"lazy\" decoding=\"async\" class=\"size-medium wp-image-849 alignleft\" src=\"https:\/\/schmittmann-kolleg.de\/wordpress\/wp-content\/uploads\/2017\/11\/IMG_3323-300x200.jpeg\" alt=\"IMG_3323\" width=\"300\" height=\"200\" srcset=\"https:\/\/schmittmann-kolleg.de\/wordpress\/wp-content\/uploads\/2017\/11\/IMG_3323-300x200.jpeg 300w, https:\/\/schmittmann-kolleg.de\/wordpress\/wp-content\/uploads\/2017\/11\/IMG_3323.jpeg 320w\" sizes=\"auto, (max-width: 300px) 100vw, 300px\" \/>\u201eContrabrass\u201c auf die B\u00fchne. Die Jungs und M\u00e4dels sorgten f\u00fcr ordentlich Furore.<\/p>\n<p>Ihre Musik l\u00e4sst sich als eine Mischung aus Hip Hop, Funk, Ska und Jazz beschreiben. Die Besonderheit<\/p>\n<p>dabei: Die Band besteht nur aus einem Schlagzeuger, einem S\u00e4nger und sechs Bl\u00e4sern,<\/p>\n<p>n\u00e4mlich zwei Posaunen, zwei Trompeten, einem Sousaphon und einem Saxophon. Neben eigenen Songs wurden auch Cover gespielt, darunter unter anderem \u201eOh Jonny\u201c von Jan<\/p>\n<p>Delay, \u201eStand by me\u201c von Ben King und ein Hip-Hop- Medley, in dem verschiedene Klassiker<\/p>\n<p>der 2000er untergebracht waren. Nach 3 Zugaben war dann Schluss. Es wurde viel getanzt,<\/p>\n<p>geklatscht und mitgesungen, und die Band feierte gemeinsam mit allen Anwesenden einen<\/p>\n<p>geb\u00fchrenden Tour-Abschluss.<img loading=\"lazy\" decoding=\"async\" class=\"size-medium wp-image-853 alignleft\" src=\"https:\/\/schmittmann-kolleg.de\/wordpress\/wp-content\/uploads\/2017\/11\/IMG_3169-300x225.jpeg\" alt=\"IMG_3169\" width=\"300\" height=\"225\" srcset=\"https:\/\/schmittmann-kolleg.de\/wordpress\/wp-content\/uploads\/2017\/11\/IMG_3169-300x225.jpeg 300w, https:\/\/schmittmann-kolleg.de\/wordpress\/wp-content\/uploads\/2017\/11\/IMG_3169.jpeg 320w\" sizes=\"auto, (max-width: 300px) 100vw, 300px\" \/><\/p>\n<p>&nbsp;<\/p>\n<p><strong>Das Schmittie als B\u00fchne<\/strong><\/p>\n<p>Durch gl\u00fcckliche Umst\u00e4nde hatten wir dieses Jahr zum ersten Mal die Ehre, als Gastgeber bei<\/p>\n<p>der Theaternacht mitwirken zu d\u00fcrfen. Dietmar Kobboldt, der Leiter des Events, hatte<\/p>\n<p>n\u00e4mlich im Rahmen des vergangenen Semesterprogramms einen Vortrag in unserer Bibliothek<\/p>\n<p>gehalten. Danach kam bei einem K\u00f6lsch die Idee auf, das Schmittie f\u00fcr eine Nacht zu einem<\/p>\n<p>Theaterhaus zu machen. Die Theaternacht ist ein Kulturfestival in K\u00f6ln. \u00dcber 40<\/p>\n<p>Veranstaltungsorte zeigen immer zur vollen Stunde einen Ausschnitt aus einem bestimmten<\/p>\n<p>Programm, die Besucher*innen k\u00f6nnen nach der Vorstellung direkt zur n\u00e4chsten B\u00fchne schlendern<\/p>\n<p>und somit jede Stunde in eine neue Welt eintauchen.<\/p>\n<p><img loading=\"lazy\" decoding=\"async\" class=\" wp-image-854 alignright\" src=\"https:\/\/schmittmann-kolleg.de\/wordpress\/wp-content\/uploads\/2017\/11\/IMG_3195-300x225.jpg\" alt=\"IMG_3195\" width=\"355\" height=\"266\" srcset=\"https:\/\/schmittmann-kolleg.de\/wordpress\/wp-content\/uploads\/2017\/11\/IMG_3195-300x225.jpg 300w, https:\/\/schmittmann-kolleg.de\/wordpress\/wp-content\/uploads\/2017\/11\/IMG_3195.jpg 320w\" sizes=\"auto, (max-width: 355px) 100vw, 355px\" \/><\/p>\n<p>Am 2. Oktober ging es um 20 Uhr los. In unserem Haus wurden Teile des St\u00fcckes \u201eTitanic \u2013<\/p>\n<p>wenn schon untergehen, dann mit Stil\u201c gezeigt, welches sich als ein satirisches Kabarett \u00fcber<\/p>\n<p>Romanzen und Klischees zum weltbekannten Film mit Di Caprio und Winslet beschreiben<\/p>\n<p>l\u00e4sst. Das Schauspieler-Duo Jenni und Till zeigten f\u00fcnfmal hintereinander eine witzige,<\/p>\n<p>\u00fcberraschende und tiefgr\u00fcndige Darbietung, die auf rege Begeisterung bei allen G\u00e4sten<\/p>\n<p>stie\u00df. Und es war rappelvoll! Wir haben zu jeder Uhrzeit mindestens 60 Leute in der Bib<\/p>\n<p>untergebracht, die ebenfalls sehr interessiert am Haus waren und angeregt Flyer und<\/p>\n<p>Anekdoten \u00fcber das Haus von uns mit nachhause nehmen konnten.<\/p>\n<p>Wir hoffen, n\u00e4chste Jahr wieder als Gastgeber dabei sein zu k\u00f6nnen und somit auch noch<\/p>\n<p>mehr an der k\u00fcnstlerischen Vielfalt K\u00f6lns teilzunehmen und mitzuwirken!<\/p>\n<p>&nbsp;<\/p>\n","protected":false},"excerpt":{"rendered":"<p>Jetzt wo man den Eintritt der k\u00e4lteren Tage und den Abschied des Sommers nicht l\u00e4nger leugnen kann, ist es an der Zeit, den turbulenten Schmittie-Sommer revuepassieren zu lassen. Schmittie Goes Politik Los ging es mit unserer Politikveranstaltung. Durch die Eigeninitiative von ein paar Bewohner*innen entstand eine professionelle Diskussion mit Infoscreen, charismatischen Moderatorinnen und einem debattierfreudigen [&hellip;]<\/p>\n","protected":false},"author":1,"featured_media":851,"comment_status":"open","ping_status":"open","sticky":false,"template":"","format":"standard","meta":{"footnotes":""},"categories":[5],"tags":[],"class_list":["post-848","post","type-post","status-publish","format-standard","has-post-thumbnail","hentry","category-neuigkeiten"],"_links":{"self":[{"href":"https:\/\/schmittmann-kolleg.de\/wordpress\/wp-json\/wp\/v2\/posts\/848","targetHints":{"allow":["GET"]}}],"collection":[{"href":"https:\/\/schmittmann-kolleg.de\/wordpress\/wp-json\/wp\/v2\/posts"}],"about":[{"href":"https:\/\/schmittmann-kolleg.de\/wordpress\/wp-json\/wp\/v2\/types\/post"}],"author":[{"embeddable":true,"href":"https:\/\/schmittmann-kolleg.de\/wordpress\/wp-json\/wp\/v2\/users\/1"}],"replies":[{"embeddable":true,"href":"https:\/\/schmittmann-kolleg.de\/wordpress\/wp-json\/wp\/v2\/comments?post=848"}],"version-history":[{"count":4,"href":"https:\/\/schmittmann-kolleg.de\/wordpress\/wp-json\/wp\/v2\/posts\/848\/revisions"}],"predecessor-version":[{"id":1035,"href":"https:\/\/schmittmann-kolleg.de\/wordpress\/wp-json\/wp\/v2\/posts\/848\/revisions\/1035"}],"wp:featuredmedia":[{"embeddable":true,"href":"https:\/\/schmittmann-kolleg.de\/wordpress\/wp-json\/wp\/v2\/media\/851"}],"wp:attachment":[{"href":"https:\/\/schmittmann-kolleg.de\/wordpress\/wp-json\/wp\/v2\/media?parent=848"}],"wp:term":[{"taxonomy":"category","embeddable":true,"href":"https:\/\/schmittmann-kolleg.de\/wordpress\/wp-json\/wp\/v2\/categories?post=848"},{"taxonomy":"post_tag","embeddable":true,"href":"https:\/\/schmittmann-kolleg.de\/wordpress\/wp-json\/wp\/v2\/tags?post=848"}],"curies":[{"name":"wp","href":"https:\/\/api.w.org\/{rel}","templated":true}]}}