{"id":111,"date":"2016-01-26T17:54:10","date_gmt":"2016-01-26T16:54:10","guid":{"rendered":"http:\/\/schmittmann-kolleg.de\/wordpress\/?p=111"},"modified":"2019-01-27T14:05:16","modified_gmt":"2019-01-27T13:05:16","slug":"berlinfahrt","status":"publish","type":"post","link":"https:\/\/schmittmann-kolleg.de\/wordpress\/2016\/01\/26\/berlinfahrt\/","title":{"rendered":"Berlinfahrt 2015"},"content":{"rendered":"<p>Anfang Dezember stand die Semesterfahrt an. Diesmal fuhren wir mit 22 (!) Mitbewohnern des Hauses f\u00fcr ein Wochenende in die Bundeshauptstadt Berlin.<\/p>\n<p style=\"text-align: justify;\">Die Reise war eine tolle, ereignisreiche Zeit. Wir besichtigten\u00a0den Bundestag, redeten mit einem Bundestagsabgeordneten der CDU \u00fcber aktuelle politische Themen und hatten danach noch eine kleine F\u00fchrung von einem Mitarbeiter der Linken, was als Kontrast ein sehr interessanter Eindruck war.<\/p>\n<p style=\"text-align: justify;\">Au\u00dferdem fuhren\u00a0wir zum ehemaligen Konzentrationslager Sachsenhausen, wo\u00a0unser Stifter\u00a0Benedikt Schmittmann zur Zeit des NS-Regimes brutal ermordet wurde.\u00a0F\u00fcr uns war es ein besonderer, trauriger, aber gleichzeitig wichtiger und bed\u00e4chtiger Moment, als wir an der Gedenkst\u00e4tte von Benedikt Schmittmann standen. Seine Idee und seinen Geist weiterzutragen mit unserer Art des Wohnens und Lebens ist unsere Aufgabe, und in diesem einen Moment war uns das allen sehr klar, nicht zuletzt durch einen sehr guten Vortrag von Anneka an der Gedenkst\u00e4tte.<\/p>\n<p style=\"text-align: justify;\">Wir besichtigten am Sonntag die Untergr\u00fcnde Berlins und erfuhren, dass einige U-Bahnstationen als Atomschutzbunker dienen k\u00f6nnten.<\/p>\n<p style=\"text-align: justify;\">Zwischendurch kamen wir immer wieder dazu, die Vorz\u00fcge Berlins zu genie\u00dfen. Wir schlenderten durch Stadtteile, a\u00dfen gemeinsam in sch\u00f6nen Restaurants, gingen am Samstagabend auf ein Jazzkonzert in einer Bar und auch unser Hostel konnte sich mit Schwimmbad und Sauna richtig sehen lassen.<\/p>\n<p style=\"text-align: justify;\">Die Reise hat uns als Gemeinschaft aufs Neue eng zusammengeschwei\u00dft, nicht zuletzt wegen der vielen Unternehmungen und Erlebnisse. Inhaltlich wie auch freundschaftlich war es sicherlich f\u00fcr alle Mitreisenden eine tolle Erfahrung.<\/p>\n","protected":false},"excerpt":{"rendered":"<p>Anfang Dezember stand die Semesterfahrt an. Diesmal fuhren wir mit 22 (!) Mitbewohnern des Hauses f\u00fcr ein Wochenende in die Bundeshauptstadt Berlin. Die Reise war eine tolle, ereignisreiche Zeit. Wir besichtigten\u00a0den Bundestag, redeten mit einem Bundestagsabgeordneten der CDU \u00fcber aktuelle politische Themen und hatten danach noch eine kleine F\u00fchrung von einem Mitarbeiter der Linken, was [&hellip;]<\/p>\n","protected":false},"author":1,"featured_media":437,"comment_status":"closed","ping_status":"open","sticky":false,"template":"","format":"standard","meta":{"footnotes":""},"categories":[3,4],"tags":[],"class_list":["post-111","post","type-post","status-publish","format-standard","has-post-thumbnail","hentry","category-schmittiefahrt","category-semesterprogramm"],"_links":{"self":[{"href":"https:\/\/schmittmann-kolleg.de\/wordpress\/wp-json\/wp\/v2\/posts\/111","targetHints":{"allow":["GET"]}}],"collection":[{"href":"https:\/\/schmittmann-kolleg.de\/wordpress\/wp-json\/wp\/v2\/posts"}],"about":[{"href":"https:\/\/schmittmann-kolleg.de\/wordpress\/wp-json\/wp\/v2\/types\/post"}],"author":[{"embeddable":true,"href":"https:\/\/schmittmann-kolleg.de\/wordpress\/wp-json\/wp\/v2\/users\/1"}],"replies":[{"embeddable":true,"href":"https:\/\/schmittmann-kolleg.de\/wordpress\/wp-json\/wp\/v2\/comments?post=111"}],"version-history":[{"count":5,"href":"https:\/\/schmittmann-kolleg.de\/wordpress\/wp-json\/wp\/v2\/posts\/111\/revisions"}],"predecessor-version":[{"id":607,"href":"https:\/\/schmittmann-kolleg.de\/wordpress\/wp-json\/wp\/v2\/posts\/111\/revisions\/607"}],"wp:featuredmedia":[{"embeddable":true,"href":"https:\/\/schmittmann-kolleg.de\/wordpress\/wp-json\/wp\/v2\/media\/437"}],"wp:attachment":[{"href":"https:\/\/schmittmann-kolleg.de\/wordpress\/wp-json\/wp\/v2\/media?parent=111"}],"wp:term":[{"taxonomy":"category","embeddable":true,"href":"https:\/\/schmittmann-kolleg.de\/wordpress\/wp-json\/wp\/v2\/categories?post=111"},{"taxonomy":"post_tag","embeddable":true,"href":"https:\/\/schmittmann-kolleg.de\/wordpress\/wp-json\/wp\/v2\/tags?post=111"}],"curies":[{"name":"wp","href":"https:\/\/api.w.org\/{rel}","templated":true}]}}